{"id":277,"date":"2020-04-12T15:41:16","date_gmt":"2020-04-12T15:41:16","guid":{"rendered":"http:\/\/tsv-kirchenlaibach.de\/?p=277"},"modified":"2020-04-12T15:42:47","modified_gmt":"2020-04-12T15:42:47","slug":"der-tsv-trauert","status":"publish","type":"post","link":"http:\/\/tsv-kirchenlaibach.de\/?p=277","title":{"rendered":"Der TSV trauert"},"content":{"rendered":"\n<p>Mit gro\u00dfer Best\u00fcrzung und in tiefer Trauer haben wir vom pl\u00f6tzlichen Tod unseres Mannschaftskameraden der U15, Rayk Prokoph, erfahren. Wir sind alle noch geschockt, Rayk durfte nur 14 Jahre alt werden. Er war ein wirklich au\u00dfergew\u00f6hnlicher Fu\u00dfballer und Mensch, der eine gro\u00dfe L\u00fccke hinterl\u00e4sst.<\/p>\n\n\n\n<p>Unsere Gedanken sind bei seiner Familie und bei seinen Angeh\u00f6rigen. Rayk wird immer in unseren Herzen bleiben und ein Teil von uns sein.<\/p>\n\n\n\n<p>Es trauern neben dem TSV auch seine Freunde, Trainer und Betreuer aus der U15 der SG Kirchenlaibach\/Seybothenreuth\/Haidenaab.<\/p>\n","protected":false},"excerpt":{"rendered":"<p>Mit gro\u00dfer Best\u00fcrzung und in tiefer Trauer haben wir vom pl\u00f6tzlichen Tod unseres Mannschaftskameraden der U15, Rayk Prokoph, erfahren. Wir sind alle noch geschockt, Rayk durfte nur 14 Jahre alt werden. Er war ein wirklich au\u00dfergew\u00f6hnlicher Fu\u00dfballer und Mensch, der eine gro\u00dfe L\u00fccke hinterl\u00e4sst. Unsere Gedanken sind bei seiner Familie und bei seinen Angeh\u00f6rigen. Rayk wird immer in unseren Herzen bleiben und ein Teil von uns sein. Es trauern neben dem TSV auch seine Freunde, Trainer und Betreuer aus der U15 der SG Kirchenlaibach\/Seybothenreuth\/Haidenaab.<\/p>\n","protected":false},"author":1,"featured_media":278,"comment_status":"open","ping_status":"open","sticky":false,"template":"","format":"standard","meta":[],"categories":[4],"tags":[],"_links":{"self":[{"href":"http:\/\/tsv-kirchenlaibach.de\/index.php?rest_route=\/wp\/v2\/posts\/277"}],"collection":[{"href":"http:\/\/tsv-kirchenlaibach.de\/index.php?rest_route=\/wp\/v2\/posts"}],"about":[{"href":"http:\/\/tsv-kirchenlaibach.de\/index.php?rest_route=\/wp\/v2\/types\/post"}],"author":[{"embeddable":true,"href":"http:\/\/tsv-kirchenlaibach.de\/index.php?rest_route=\/wp\/v2\/users\/1"}],"replies":[{"embeddable":true,"href":"http:\/\/tsv-kirchenlaibach.de\/index.php?rest_route=%2Fwp%2Fv2%2Fcomments&post=277"}],"version-history":[{"count":2,"href":"http:\/\/tsv-kirchenlaibach.de\/index.php?rest_route=\/wp\/v2\/posts\/277\/revisions"}],"predecessor-version":[{"id":280,"href":"http:\/\/tsv-kirchenlaibach.de\/index.php?rest_route=\/wp\/v2\/posts\/277\/revisions\/280"}],"wp:featuredmedia":[{"embeddable":true,"href":"http:\/\/tsv-kirchenlaibach.de\/index.php?rest_route=\/wp\/v2\/media\/278"}],"wp:attachment":[{"href":"http:\/\/tsv-kirchenlaibach.de\/index.php?rest_route=%2Fwp%2Fv2%2Fmedia&parent=277"}],"wp:term":[{"taxonomy":"category","embeddable":true,"href":"http:\/\/tsv-kirchenlaibach.de\/index.php?rest_route=%2Fwp%2Fv2%2Fcategories&post=277"},{"taxonomy":"post_tag","embeddable":true,"href":"http:\/\/tsv-kirchenlaibach.de\/index.php?rest_route=%2Fwp%2Fv2%2Ftags&post=277"}],"curies":[{"name":"wp","href":"https:\/\/api.w.org\/{rel}","templated":true}]}}